{"id":457,"date":"2014-11-30T14:47:40","date_gmt":"2014-11-30T14:47:40","guid":{"rendered":"http:\/\/imagevox.com.br\/web\/?p=457"},"modified":"2014-11-30T14:47:40","modified_gmt":"2014-11-30T14:47:40","slug":"cidade-de-go-sera-a-primeira-do-pais-a-ter-apenas-transmissao-de-tv-digital","status":"publish","type":"post","link":"https:\/\/imagevox.com.br\/novo\/cidade-de-go-sera-a-primeira-do-pais-a-ter-apenas-transmissao-de-tv-digital\/","title":{"rendered":"Cidade de GO ser\u00e1 a primeira do pa\u00eds a ter apenas transmiss\u00e3o de TV digital"},"content":{"rendered":"<p>Daqui a exatamente um ano, a cidade de Rio Verde, em Goi\u00e1s, ser\u00e1 a primeira no pa\u00eds a ter apenas a transmiss\u00e3o digital, que d\u00e1 mais qualidade \u00e0 imagem da TV. Nas outras partes do Brasil, a mudan\u00e7a vai ser conclu\u00edda em 2008.<\/p>\n<p>As transmiss\u00f5es de TV digital no Brasil come\u00e7aram em 2007. De l\u00e1 para c\u00e1, foram vendidos mais de 60 milh\u00f5es de televisores que j\u00e1 sa\u00edram das f\u00e1bricas preparados para receber esse tipo de sinal. A diferen\u00e7a de imagem entre o sistema anal\u00f3gico e o digital \u00e9 grande.<\/p>\n<p>At\u00e9 chegar \u00e0 televis\u00e3o da nossa casa, o sinal anal\u00f3gico vai sofrendo interfer\u00eancias a cada obst\u00e1culo que encontra: pr\u00e9dios, \u00e1rvores, ondas geradas por outros equipamentos, por exemplo. Tudo isso piora a qualidade da imagem e do som e aparecem aqueles chuviscos, fantasmas e ru\u00eddos. O sinal digital faz o mesmo percurso, mas ele \u00e9 mais forte e n\u00e3o sofre interfer\u00eancias. Quando chega \u00e0 casa do telespectador, est\u00e1 limpo.<\/p>\n<p>Nos \u00faltimos sete anos, a maior parte dos brasileiros se acostumou com esse novo padr\u00e3o. O sinal antigo continuou no ar, mas ele vai desaparecer.<\/p>\n<p>At\u00e9 novembro de 2018, os transmissores anal\u00f3gicos v\u00e3o ser gradativamente desligados em todo o pa\u00eds. A primeira cidade a ter apenas a transmiss\u00e3o digital ser\u00e1 Rio Verde, que fica no interior de Goi\u00e1s. L\u00e1, o sinal anal\u00f3gico sair\u00e1 do ar daqui a exatamente um ano: no dia 29 de novembro de 2015.<\/p>\n<p>Quando o sinal da TV anal\u00f3gica for desligado, ningu\u00e9m vai ser obrigado a comprar um aparelho novo. Dois televisores s\u00e3o exatamente iguais e anal\u00f3gicos: um est\u00e1 com a imagem da transmiss\u00e3o anal\u00f3gica, com interfer\u00eancias; o outro est\u00e1 com imagem muito mais limpa, da transmiss\u00e3o digital, que pode ser recebida pelo aparelho gra\u00e7as ao conversor. As interfer\u00eancias n\u00e3o v\u00e3o mais ser vistas. At\u00e9 as TVs mais antigas v\u00e3o tem uma imagem de qualidade.<\/p>\n<p>\u201cSe eu conectar uma antena apenas com sinal digital em uma TV anal\u00f3gica, n\u00e3o vai acontecer nada. Mas \u00e9 poss\u00edvel utilizar um conversor der TV digital, que recebe o sinal digital atrav\u00e9s de um cabo e converte o sinal digital para um sinal anal\u00f3gico, de tal forma que a TV consegue interpretar o sinal digital\u201d, explica Gunnar Bedicks, pesquisado chefe do laborat\u00f3rio de TV digital da Universidade Mackenzie.<\/p>\n<p>Nas lojas, o aparelhinho pode ser encontrado por menos de R$ 100. O vendedor Wesley Carvalho Castro e a recepcionista Uelen Maria da Silva j\u00e1 compraram o deles. O casal mora em Rio Verde. Ainda falta um ano para a cidade ter apenas a transmiss\u00e3o digital, mas eles n\u00e3o quiseram esperar para trocar a imagem por outra, bem melhor.<\/p>\n<p>\u201cVoc\u00ea v\u00ea mesmo com nitidez o rosto direito da pessoa, detalhes da imagem. Ent\u00e3o, acho que essa \u00e9 a grande diferen\u00e7a do sinal digital para o anal\u00f3gico. Uma diferen\u00e7a muito grande\u201d, constata Wesley Carvalho Castro.<\/p>\n<p>\u201cTudo ficou bem mais real, bem mais pr\u00f3ximo da realidade\u201d, completa Uelen Maria da\u00a0Silva.<\/p>\n<p><strong>Fonte:<\/strong> Jornal Nacional &#8211; Globo.com<\/p>\n","protected":false},"excerpt":{"rendered":"<p>Daqui a exatamente um ano, a cidade de Rio Verde, em Goi\u00e1s, ser\u00e1 a primeira no pa\u00eds a ter apenas a transmiss\u00e3o digital, que d\u00e1 mais qualidade \u00e0 imagem da TV. Nas outras partes do Brasil, a mudan\u00e7a vai ser conclu\u00edda em 2008. As transmiss\u00f5es de TV digital no Brasil come\u00e7aram em 2007. De l\u00e1 [&hellip;]<\/p>\n","protected":false},"author":1,"featured_media":458,"comment_status":"closed","ping_status":"closed","sticky":false,"template":"","format":"standard","meta":{"footnotes":""},"categories":[1],"tags":[68,70],"class_list":["post-457","post","type-post","status-publish","format-standard","has-post-thumbnail","hentry","category-sem-categoria","tag-globo","tag-transmissao-digital"],"_links":{"self":[{"href":"https:\/\/imagevox.com.br\/novo\/wp-json\/wp\/v2\/posts\/457","targetHints":{"allow":["GET"]}}],"collection":[{"href":"https:\/\/imagevox.com.br\/novo\/wp-json\/wp\/v2\/posts"}],"about":[{"href":"https:\/\/imagevox.com.br\/novo\/wp-json\/wp\/v2\/types\/post"}],"author":[{"embeddable":true,"href":"https:\/\/imagevox.com.br\/novo\/wp-json\/wp\/v2\/users\/1"}],"replies":[{"embeddable":true,"href":"https:\/\/imagevox.com.br\/novo\/wp-json\/wp\/v2\/comments?post=457"}],"version-history":[{"count":0,"href":"https:\/\/imagevox.com.br\/novo\/wp-json\/wp\/v2\/posts\/457\/revisions"}],"wp:featuredmedia":[{"embeddable":true,"href":"https:\/\/imagevox.com.br\/novo\/wp-json\/"}],"wp:attachment":[{"href":"https:\/\/imagevox.com.br\/novo\/wp-json\/wp\/v2\/media?parent=457"}],"wp:term":[{"taxonomy":"category","embeddable":true,"href":"https:\/\/imagevox.com.br\/novo\/wp-json\/wp\/v2\/categories?post=457"},{"taxonomy":"post_tag","embeddable":true,"href":"https:\/\/imagevox.com.br\/novo\/wp-json\/wp\/v2\/tags?post=457"}],"curies":[{"name":"wp","href":"https:\/\/api.w.org\/{rel}","templated":true}]}}